{"id":589,"date":"2017-11-21T12:07:11","date_gmt":"2017-11-21T12:07:11","guid":{"rendered":"http:\/\/sites.unicentro.br\/wp\/educacaoambiental\/?p=589"},"modified":"2017-11-19T19:37:38","modified_gmt":"2017-11-19T19:37:38","slug":"ar-condicionado-eco-cooler","status":"publish","type":"post","link":"https:\/\/sites.unicentro.br\/wp\/educacaoambiental\/2017\/11\/21\/ar-condicionado-eco-cooler\/","title":{"rendered":"Ar-condicionado Eco-cooler"},"content":{"rendered":"<p><span style=\"font-size: 10pt\"><strong>Adaptado por:<\/strong> J\u00e9ssica Chiafitela<\/span><\/p>\n<p><a href=\"http:\/\/sites.unicentro.br\/wp\/educacaoambiental\/files\/2017\/11\/ar2.png\"><img loading=\"lazy\" decoding=\"async\" class=\"size-medium wp-image-591 aligncenter\" src=\"http:\/\/sites.unicentro.br\/wp\/educacaoambiental\/files\/2017\/11\/ar2-300x201.png\" alt=\"\" width=\"300\" height=\"201\" srcset=\"https:\/\/sites.unicentro.br\/wp\/educacaoambiental\/files\/2017\/11\/ar2-300x201.png 300w, https:\/\/sites.unicentro.br\/wp\/educacaoambiental\/files\/2017\/11\/ar2.png 567w\" sizes=\"auto, (max-width: 300px) 100vw, 300px\" \/><\/a><\/p>\n<p>Como forma de atitudes sustent\u00e1veis surgem cria\u00e7\u00f5es das mais vari\u00e1veis poss\u00edveis uma dessas cria\u00e7\u00f5es foi a ideia de, como se refrescar em casa de uma forma pr\u00e1tica, econ\u00f4mica e \u00e9 claro sustent\u00e1vel.<\/p>\n<p>Pensando assim em Bangladesh criaram o Eco-cooler ou ar-condicionado ecol\u00f3gico, que n\u00e3o utiliza energia el\u00e9trica, por ser tratar de um pa\u00eds em que h\u00e1 maioria de seus habitantes vive em situa\u00e7\u00f5es prec\u00e1rias, sofrendo com altas temperaturas, em um vilarejo com aproximadamente 28 mil pessoas, vivendo em casebres sem \u00e1gua corrente, e com temperaturas passando de 45\u00ba C, criaram um ar-condicionado com garrafas pets e papel\u00e3o. Sua montagem \u00e9 pr\u00e1tica, simples e funcional, colocando em suas portas e janelas, este equipamento funciona da seguinte forma, o ar quente entra nas garrafas pelo lado de fora o lado maior, mandando um ar frio para o gargalo da garrafa, refrigerando imediatamente o ambiente em 12\u00baC aproximadamente.<\/p>\n<p>Para entender melhor este funcionamento utiliza-se a l\u00f3gica do sopro, se aproximar sua m\u00e3o da boca e soprar com a boca mais aberta sair\u00e1 um ar quente, e com a boca mais fechada sair\u00e1 um ar frio, isto acontece devido a passagem do ar quente de um orif\u00edcio mais largo para um mais estreito perdendo energia e esfriando.<\/p>\n<p><a href=\"http:\/\/sites.unicentro.br\/wp\/educacaoambiental\/files\/2017\/11\/ar1.png\"><img loading=\"lazy\" decoding=\"async\" class=\"size-medium wp-image-590 aligncenter\" src=\"http:\/\/sites.unicentro.br\/wp\/educacaoambiental\/files\/2017\/11\/ar1-300x239.png\" alt=\"\" width=\"300\" height=\"239\" srcset=\"https:\/\/sites.unicentro.br\/wp\/educacaoambiental\/files\/2017\/11\/ar1-300x239.png 300w, https:\/\/sites.unicentro.br\/wp\/educacaoambiental\/files\/2017\/11\/ar1.png 400w\" sizes=\"auto, (max-width: 300px) 100vw, 300px\" \/><\/a><\/p>\n<p>Esta cria\u00e7\u00e3o \u00e9 uma boa ideia para ser aplicada em nosso pa\u00eds, pois al\u00e9m de n\u00e3o utilizar energia el\u00e9trica e o material utilizado n\u00e3o custar nada, a popula\u00e7\u00e3o mais carente se beneficia. Como os dias est\u00e3o se tornando mais quentes e ver\u00f5es rigorosos, o norte e nordeste do nosso pa\u00eds onde a popula\u00e7\u00e3o sofre principalmente com a escassez de \u00e1gua\u00a0 ir\u00e1 ter um pouco mais de conforto nos dias quentes, al\u00e9m de retirar da natureza este material dando uma nova utilidade.<\/p>\n<p style=\"text-align: center\"><strong>V\u00eddeo:\u00a0 \u00a0<a href=\"https:\/\/www.youtube.com\/watch?v=7MNoRq4jVzg\">https:\/\/www.youtube.com\/watch?v=7MNoRq4jVzg<\/a><\/strong><\/p>\n<p>&nbsp;<\/p>\n<p><strong>Fontes:<\/strong><\/p>\n<p>Fonte das figuras: <a href=\"http:\/\/fastseg.blogspot.com.br\/2016\/07\/ar-condicionado-caseiro-eco-cooler-nao-usa-eletricidade.html\">http:\/\/fastseg.blogspot.com.br\/2016\/07\/ar-condicionado-caseiro-eco-cooler-nao-usa-eletricidade.html<\/a><\/p>\n<p>Fonte: <a href=\"http:\/\/engenhariae.com.br\/meio-ambiente\/ar-condicionado-sem-eletricidade-e-criado-em-bangladesh\/\">http:\/\/engenhariae.com.br\/meio-ambiente\/ar-condicionado-sem-eletricidade-e-criado-em-bangladesh\/<\/a>\u00a0. Acesso em 10\/10\/2017.<\/p>\n<p>&nbsp;<\/p>\n","protected":false},"excerpt":{"rendered":"<p>Adaptado por: J\u00e9ssica Chiafitela Como forma de atitudes sustent\u00e1veis surgem cria\u00e7\u00f5es das mais vari\u00e1veis poss\u00edveis uma dessas cria\u00e7\u00f5es foi a ideia de, como se refrescar em casa de uma forma pr\u00e1tica, econ\u00f4mica e \u00e9 claro sustent\u00e1vel. Pensando assim em Bangladesh criaram o Eco-cooler ou ar-condicionado ecol\u00f3gico, que n\u00e3o utiliza energia el\u00e9trica, por ser tratar de [&hellip;]<\/p>\n","protected":false},"author":152,"featured_media":0,"comment_status":"open","ping_status":"open","sticky":false,"template":"","format":"standard","meta":{"_exactmetrics_skip_tracking":false,"_exactmetrics_sitenote_active":false,"_exactmetrics_sitenote_note":"","_exactmetrics_sitenote_category":0,"footnotes":""},"categories":[17],"tags":[],"class_list":["post-589","post","type-post","status-publish","format-standard","hentry","category-atitude-sustentavel"],"_links":{"self":[{"href":"https:\/\/sites.unicentro.br\/wp\/educacaoambiental\/wp-json\/wp\/v2\/posts\/589","targetHints":{"allow":["GET"]}}],"collection":[{"href":"https:\/\/sites.unicentro.br\/wp\/educacaoambiental\/wp-json\/wp\/v2\/posts"}],"about":[{"href":"https:\/\/sites.unicentro.br\/wp\/educacaoambiental\/wp-json\/wp\/v2\/types\/post"}],"author":[{"embeddable":true,"href":"https:\/\/sites.unicentro.br\/wp\/educacaoambiental\/wp-json\/wp\/v2\/users\/152"}],"replies":[{"embeddable":true,"href":"https:\/\/sites.unicentro.br\/wp\/educacaoambiental\/wp-json\/wp\/v2\/comments?post=589"}],"version-history":[{"count":3,"href":"https:\/\/sites.unicentro.br\/wp\/educacaoambiental\/wp-json\/wp\/v2\/posts\/589\/revisions"}],"predecessor-version":[{"id":594,"href":"https:\/\/sites.unicentro.br\/wp\/educacaoambiental\/wp-json\/wp\/v2\/posts\/589\/revisions\/594"}],"wp:attachment":[{"href":"https:\/\/sites.unicentro.br\/wp\/educacaoambiental\/wp-json\/wp\/v2\/media?parent=589"}],"wp:term":[{"taxonomy":"category","embeddable":true,"href":"https:\/\/sites.unicentro.br\/wp\/educacaoambiental\/wp-json\/wp\/v2\/categories?post=589"},{"taxonomy":"post_tag","embeddable":true,"href":"https:\/\/sites.unicentro.br\/wp\/educacaoambiental\/wp-json\/wp\/v2\/tags?post=589"}],"curies":[{"name":"wp","href":"https:\/\/api.w.org\/{rel}","templated":true}]}}