{"id":125,"date":"2013-06-04T10:57:34","date_gmt":"2013-06-04T10:57:34","guid":{"rendered":"http:\/\/sites.unicentro.br\/wp\/pi\/?p=125"},"modified":"2013-12-05T10:58:28","modified_gmt":"2013-12-05T10:58:28","slug":"quebra-de-patentes-leva-eua-a-banir-venda-de-iphones-e-ipads-antigos","status":"publish","type":"post","link":"https:\/\/sites.unicentro.br\/wp\/pi\/2013\/06\/04\/quebra-de-patentes-leva-eua-a-banir-venda-de-iphones-e-ipads-antigos\/","title":{"rendered":"Quebra de patentes leva EUA a banir venda de iPhones e iPads antigos"},"content":{"rendered":"<h2>Governo americano considera que a Apple violou patentes da Samsung. Medida abrange modelos antigos, como os iPhones 3 e 4 e os iPads 1 e 2.<\/h2>\n<div>\n<div>\n<p>Da France Presse<\/p>\n<p>e Com\u00e9rcio Internacional dos Estados Unidos (USITC) proibiu nesta ter\u00e7a-feira (4) a importa\u00e7\u00e3o e a venda de alguns aparelhos antigos da <a href=\"http:\/\/g1.globo.com\/topico\/apple\/\">Apple<\/a>, por considerar que a empresa violou patentes de sua rival, a marca sul-coreana Samsung.<\/p>\n<p>O \u00f3rg\u00e3o do governo dos Estados Unidos, uma ag\u00eancia quase jur\u00eddica, informou em seu site que emitiu uma &#8220;ordem de exclus\u00e3o limitada&#8221; para dispositivos da Apple, como os iPhones 3 e 4 e os tablets iPad e iPad 2.<\/p>\n<p>A vit\u00f3ria pode ser meramente simb\u00f3lica, j\u00e1 que a proibi\u00e7\u00e3o tamb\u00e9m abrange modelos que n\u00e3o s\u00e3o mais efetivamente vendidos no mercado dos EUA.<\/p>\n<p>A loja on-line americana da Apple ainda n\u00e3o fez altera\u00e7\u00f5es ap\u00f3s o parecer da USITC. O aparelho iPhone 4 desbloqueado \u00e9 vendido por US$ 450 e o tablet iPad 2 \u00e9 anunciado por US$ 400 no site da empresa (<a href=\"http:\/\/store.apple.com\/us\/buy\/home\/shop_ipad\/family\/ipad2\">veja aqui<\/a>).<\/p>\n<p>A decis\u00e3o da ITC \u00e9 uma ordem final, mas cabe recurso no Tribunal de Apela\u00e7\u00f5es dos EUA ou pode ser revertida por ordem presidencial.<\/p>\n<p>&#8220;Acreditamos que a determina\u00e7\u00e3o final do ITC confirmou a hist\u00f3ria de que a Apple se aproveitou das inova\u00e7\u00f5es tecnol\u00f3gicas da Samsung&#8221;, afirmou Samsung, em comunicado.<\/p>\n<p>&#8220;Nossas d\u00e9cadas de pesquisa e desenvolvimento em tecnologias m\u00f3veis v\u00e3o continuar e vamos continuar a oferecer produtos inovadores aos consumidores nos Estados Unidos.&#8221; A Apple n\u00e3o respondeu.<\/p>\n<p>O julgamento come\u00e7ou em agosto 2011 em meio a uma enxurrada de processos judiciais entre as duas rivais sobre patentes no mercado de tablets e smartphones.<\/p>\n<p>Em uma outra briga no tribunal federal dos EUA, a Samsung foi obrigada a pagar, em agosto de 2012, mais de US$1 bilh\u00e3o por infringir patentes, o que tamb\u00e9m abriu as portas para uma proibi\u00e7\u00e3o de aparelhos da Samsung.<\/p>\n<p>Fonte: <a title=\"G1\" href=\"http:\/\/g1.globo.com\/tecnologia\/noticia\/2013\/06\/quebra-de-patentes-da-samsung-leva-eua-banir-venda-de-iphones-e-ipads.html\">G1<\/a><\/p>\n<\/div>\n<\/div>\n","protected":false},"excerpt":{"rendered":"<p>Governo americano considera que a Apple violou patentes da Samsung. Medida abrange modelos antigos, como os iPhones 3 e 4 e os iPads 1 e 2. Da France Presse e Com\u00e9rcio Internacional dos Estados Unidos (USITC) proibiu nesta ter\u00e7a-feira (4) &hellip; <a href=\"https:\/\/sites.unicentro.br\/wp\/pi\/2013\/06\/04\/quebra-de-patentes-leva-eua-a-banir-venda-de-iphones-e-ipads-antigos\/\">Continue lendo <span class=\"meta-nav\">&rarr;<\/span><\/a><\/p>\n","protected":false},"author":94,"featured_media":0,"comment_status":"open","ping_status":"open","sticky":false,"template":"","format":"standard","meta":{"_exactmetrics_skip_tracking":false,"_exactmetrics_sitenote_active":false,"_exactmetrics_sitenote_note":"","_exactmetrics_sitenote_category":0,"footnotes":""},"categories":[1],"tags":[],"class_list":["post-125","post","type-post","status-publish","format-standard","hentry","category-sem-categoria"],"_links":{"self":[{"href":"https:\/\/sites.unicentro.br\/wp\/pi\/wp-json\/wp\/v2\/posts\/125","targetHints":{"allow":["GET"]}}],"collection":[{"href":"https:\/\/sites.unicentro.br\/wp\/pi\/wp-json\/wp\/v2\/posts"}],"about":[{"href":"https:\/\/sites.unicentro.br\/wp\/pi\/wp-json\/wp\/v2\/types\/post"}],"author":[{"embeddable":true,"href":"https:\/\/sites.unicentro.br\/wp\/pi\/wp-json\/wp\/v2\/users\/94"}],"replies":[{"embeddable":true,"href":"https:\/\/sites.unicentro.br\/wp\/pi\/wp-json\/wp\/v2\/comments?post=125"}],"version-history":[{"count":2,"href":"https:\/\/sites.unicentro.br\/wp\/pi\/wp-json\/wp\/v2\/posts\/125\/revisions"}],"predecessor-version":[{"id":127,"href":"https:\/\/sites.unicentro.br\/wp\/pi\/wp-json\/wp\/v2\/posts\/125\/revisions\/127"}],"wp:attachment":[{"href":"https:\/\/sites.unicentro.br\/wp\/pi\/wp-json\/wp\/v2\/media?parent=125"}],"wp:term":[{"taxonomy":"category","embeddable":true,"href":"https:\/\/sites.unicentro.br\/wp\/pi\/wp-json\/wp\/v2\/categories?post=125"},{"taxonomy":"post_tag","embeddable":true,"href":"https:\/\/sites.unicentro.br\/wp\/pi\/wp-json\/wp\/v2\/tags?post=125"}],"curies":[{"name":"wp","href":"https:\/\/api.w.org\/{rel}","templated":true}]}}