{"id":259,"date":"2015-09-21T21:20:48","date_gmt":"2015-09-21T21:20:48","guid":{"rendered":"http:\/\/sites.unicentro.br\/wp\/pi\/?p=259"},"modified":"2015-09-21T21:22:10","modified_gmt":"2015-09-21T21:22:10","slug":"curso-geral-de-propriedade-intelectual-a-distancia-dl-101p-br","status":"publish","type":"post","link":"https:\/\/sites.unicentro.br\/wp\/pi\/2015\/09\/21\/curso-geral-de-propriedade-intelectual-a-distancia-dl-101p-br\/","title":{"rendered":"Curso Geral de Propriedade Intelectual \u00e0 Dist\u00e2ncia &#8211; DL 101P BR"},"content":{"rendered":"<p style=\"text-align: justify\">Est\u00e3o abertas as inscri\u00e7\u00f5es para a \u00faltima edi\u00e7\u00e3o de 2015 do Curso Geral de Propriedade Intelectual \u00e0 Dist\u00e2ncia &#8211; DL 101P BR, oferecido pelo INPI em parceria com a OMPI (Organiza\u00e7\u00e3o Mundial de Propriedade Intelectual).<\/p>\n<p style=\"text-align: justify\">As inscri\u00e7\u00f5es v\u00e3o at\u00e9 09 de outubro de 2015, ou enquanto houver vagas em aberto.<\/p>\n<p style=\"text-align: justify\">Siga atentamente todas as instru\u00e7\u00f5es para inscri\u00e7\u00e3o no curso para evitar futuros problemas.<\/p>\n<h3 style=\"text-align: justify\">Instru\u00e7\u00f5es para inscri\u00e7\u00e3o no curso<\/h3>\n<ul>\n<li style=\"text-align: justify\">As inscri\u00e7\u00f5es s\u00e3o realizadas diretamente no site de ensino \u00e0 dist\u00e2ncia da OMPI, em:<\/li>\n<\/ul>\n<pre style=\"text-align: center\"> <a href=\"https:\/\/welc.wipo.int\/cas\/login?service=https%3A%2F%2Fwelc.wipo.int%2Flms%2Flogin%2Findex.php\" target=\"_blank\">Inscri\u00e7\u00f5es aqui.<\/a><\/pre>\n<ul>\n<li>Antes de fazer a inscri\u00e7\u00e3o em qualquer curso \u00e0 dist\u00e2ncia da OMPI, \u00e9 necess\u00e1rio que o interessado fa\u00e7a <strong>Login no Centro de Usu\u00e1rio da OMPI<\/strong>. Caso este n\u00e3o possua uma conta, basta registrar-se em:<\/li>\n<\/ul>\n<pre style=\"text-align: center\"> <a href=\"https:\/\/www3.wipo.int\/accounts\/en\/usercenter\/public\/register.jsf\" target=\"_blank\">Registro Centro de Usu\u00e1rio OMPI.<\/a><\/pre>\n<ul>\n<li style=\"text-align: justify\">Os cursos \u00e0 dist\u00e2ncia da OMPI est\u00e3o relacionados na p\u00e1gina da Academia da OMPI:<\/li>\n<\/ul>\n<pre style=\"text-align: center\"> <a href=\"http:\/\/wipo.int\/academy\/pt\/courses\/rp_catalog\/index.jsprtfolio\" target=\"_blank\">Education and Training Programs Portfolio<\/a><\/pre>\n<ul>\n<li style=\"text-align: justify\">O usu\u00e1rio deve escolher o curso de seu interesse dentre os cursos oferecidos no link acima.<\/li>\n<li style=\"text-align: justify\">Note que h\u00e1 dois cursos diferentes, o DL 101 P e o DL 101 P BR. No momento, as inscri\u00e7\u00f5es est\u00e3o abertas exclusivamente para o <strong>DL 101 P BR.<\/strong><\/li>\n<li style=\"text-align: justify\">O INPI e a OMPI n\u00e3o se responsabilizam pela inscri\u00e7\u00e3o em seus cursos \u00e0 dist\u00e2ncia. A inscri\u00e7\u00e3o \u00e9 de responsabilidade exclusiva do interessado.<\/li>\n<li style=\"text-align: justify\"><strong>As vagas para o curso s\u00e3o limitadas<\/strong>, e o prazo de inscri\u00e7\u00e3o est\u00e1 condicionado ao preenchimento das vagas.<\/li>\n<li style=\"text-align: justify\">N\u00e3o h\u00e1, de forma alguma, a possibilidade de reserva de vagas.<\/li>\n<li style=\"text-align: justify\">Reiteramos que o INPI e a OMPI n\u00e3o se responsabilizam por problemas de ordem t\u00e9cnica e\/ou de qualquer outra natureza que inviabilizem a inscri\u00e7\u00e3o no candidato nas edi\u00e7\u00f5es do DL 101P BR.<\/li>\n<\/ul>\n<p style=\"text-align: justify\">Para informa\u00e7\u00f5es e mais esclarecimentos sobre os Cursos \u00e0 Dist\u00e2ncia do INPI, favor enviar email para: ead@inpi.gov.br<\/p>\n<p style=\"text-align: justify\">Atenciosamente,<br \/>\nEquipe da Academia de PI, Inova\u00e7\u00e3o e Desenvolvimento<\/p>\n","protected":false},"excerpt":{"rendered":"<p>Est\u00e3o abertas as inscri\u00e7\u00f5es para a \u00faltima edi\u00e7\u00e3o de 2015 do Curso Geral de Propriedade Intelectual \u00e0 Dist\u00e2ncia &#8211; DL 101P BR, oferecido pelo INPI em parceria com a OMPI (Organiza\u00e7\u00e3o Mundial de Propriedade Intelectual). As inscri\u00e7\u00f5es v\u00e3o at\u00e9 09 &hellip; <a href=\"https:\/\/sites.unicentro.br\/wp\/pi\/2015\/09\/21\/curso-geral-de-propriedade-intelectual-a-distancia-dl-101p-br\/\">Continue lendo <span class=\"meta-nav\">&rarr;<\/span><\/a><\/p>\n","protected":false},"author":121,"featured_media":0,"comment_status":"closed","ping_status":"closed","sticky":false,"template":"","format":"standard","meta":{"_exactmetrics_skip_tracking":false,"_exactmetrics_sitenote_active":false,"_exactmetrics_sitenote_note":"","_exactmetrics_sitenote_category":0,"footnotes":""},"categories":[1],"tags":[],"class_list":["post-259","post","type-post","status-publish","format-standard","hentry","category-sem-categoria"],"_links":{"self":[{"href":"https:\/\/sites.unicentro.br\/wp\/pi\/wp-json\/wp\/v2\/posts\/259","targetHints":{"allow":["GET"]}}],"collection":[{"href":"https:\/\/sites.unicentro.br\/wp\/pi\/wp-json\/wp\/v2\/posts"}],"about":[{"href":"https:\/\/sites.unicentro.br\/wp\/pi\/wp-json\/wp\/v2\/types\/post"}],"author":[{"embeddable":true,"href":"https:\/\/sites.unicentro.br\/wp\/pi\/wp-json\/wp\/v2\/users\/121"}],"replies":[{"embeddable":true,"href":"https:\/\/sites.unicentro.br\/wp\/pi\/wp-json\/wp\/v2\/comments?post=259"}],"version-history":[{"count":2,"href":"https:\/\/sites.unicentro.br\/wp\/pi\/wp-json\/wp\/v2\/posts\/259\/revisions"}],"predecessor-version":[{"id":261,"href":"https:\/\/sites.unicentro.br\/wp\/pi\/wp-json\/wp\/v2\/posts\/259\/revisions\/261"}],"wp:attachment":[{"href":"https:\/\/sites.unicentro.br\/wp\/pi\/wp-json\/wp\/v2\/media?parent=259"}],"wp:term":[{"taxonomy":"category","embeddable":true,"href":"https:\/\/sites.unicentro.br\/wp\/pi\/wp-json\/wp\/v2\/categories?post=259"},{"taxonomy":"post_tag","embeddable":true,"href":"https:\/\/sites.unicentro.br\/wp\/pi\/wp-json\/wp\/v2\/tags?post=259"}],"curies":[{"name":"wp","href":"https:\/\/api.w.org\/{rel}","templated":true}]}}